{"id":78,"date":"2025-07-25T18:50:30","date_gmt":"2025-07-25T18:50:30","guid":{"rendered":"https:\/\/startupcampusberlin.com\/?p=78"},"modified":"2025-07-25T18:50:30","modified_gmt":"2025-07-25T18:50:30","slug":"floral-para-crianca-agitada-alternativa-natural-e-eficaz-para-o-equilibrio-emocional-infantil","status":"publish","type":"post","link":"https:\/\/startupcampusberlin.com\/?p=78","title":{"rendered":"Floral para Crian\u00e7a Agitada: Alternativa Natural e Eficaz para o Equil\u00edbrio Emocional Infantil"},"content":{"rendered":"<p><span style=\"font-weight: 400;\">Era uma tarde comum quando Amanda recebeu uma liga\u00e7\u00e3o da escola: o filho, Caio, havia se envolvido em mais uma confus\u00e3o. Apesar de ser uma crian\u00e7a inteligente e carinhosa, ele apresentava um comportamento inquieto, impulsivo e, muitas vezes, dif\u00edcil de controlar. Ap\u00f3s diversas tentativas com mudan\u00e7as na alimenta\u00e7\u00e3o, rotina e at\u00e9 acompanhamento psicol\u00f3gico, Amanda descobriu uma alternativa natural e cada vez mais adotada por pais e especialistas: o <\/span><a href=\"https:\/\/www.biofase.com.br\/florais-e-homeopatia\/homeopatia-para-ansiedade\/gelsemium-sempervirens-30-ch-30ml\" target=\"_blank\" rel=\"noopener\"><b>floral para crian\u00e7a agitada<\/b><\/a><span style=\"font-weight: 400;\">.<\/span><\/p>\n<p><span style=\"font-weight: 400;\">Neste conte\u00fado, vamos esclarecer o que s\u00e3o os florais, como funcionam no organismo infantil, quais os benef\u00edcios comprovados e, principalmente, <\/span><b>como escolher um floral para crian\u00e7a agitada<\/b><span style=\"font-weight: 400;\"> com seguran\u00e7a, respaldo cient\u00edfico e bons resultados.<\/span><\/p>\n<h2><b>O que \u00e9 o floral para crian\u00e7a agitada?<\/b><\/h2>\n<p><span style=\"font-weight: 400;\">O <\/span><a href=\"https:\/\/www.biofase.com.br\/florais-e-homeopatia\/homeopatia-para-ansiedade\/gelsemium-sempervirens-30-ch-30ml\" target=\"_blank\" rel=\"noopener\"><b>floral para crian\u00e7a agitada<\/b><\/a><span style=\"font-weight: 400;\"> \u00e9 uma f\u00f3rmula composta por ess\u00eancias extra\u00eddas de flores, plantas e arbustos, desenvolvida para atuar no campo emocional e energ\u00e9tico. Ele \u00e9 indicado para crian\u00e7as que apresentam:<\/span><\/p>\n<ul>\n<li style=\"font-weight: 400;\" aria-level=\"1\"><span style=\"font-weight: 400;\">Hiperatividade<\/span><span style=\"font-weight: 400;\">\n<p><\/span><\/li>\n<li style=\"font-weight: 400;\" aria-level=\"1\"><span style=\"font-weight: 400;\">Dificuldade de concentra\u00e7\u00e3o<\/span><span style=\"font-weight: 400;\">\n<p><\/span><\/li>\n<li style=\"font-weight: 400;\" aria-level=\"1\"><span style=\"font-weight: 400;\">Ansiedade excessiva<\/span><span style=\"font-weight: 400;\">\n<p><\/span><\/li>\n<li style=\"font-weight: 400;\" aria-level=\"1\"><span style=\"font-weight: 400;\">Irritabilidade<\/span><span style=\"font-weight: 400;\">\n<p><\/span><\/li>\n<li style=\"font-weight: 400;\" aria-level=\"1\"><span style=\"font-weight: 400;\">Desobedi\u00eancia ou impulsividade<\/span><span style=\"font-weight: 400;\">\n<p><\/span><\/li>\n<\/ul>\n<p><span style=\"font-weight: 400;\">Esses compostos t\u00eam origem na terapia floral desenvolvida por Edward Bach no in\u00edcio do s\u00e9culo XX e s\u00e3o reconhecidos pela<\/span><a href=\"https:\/\/www.who.int\/\" target=\"_blank\" rel=\"noopener\"> <span style=\"font-weight: 400;\">Organiza\u00e7\u00e3o Mundial da Sa\u00fade<\/span><\/a><span style=\"font-weight: 400;\">. Embora n\u00e3o substituam tratamentos m\u00e9dicos, s\u00e3o <\/span><b>suplementares, naturais e sem contraindica\u00e7\u00f5es graves<\/b><span style=\"font-weight: 400;\">.<\/span><\/p>\n<p><span style=\"font-weight: 400;\">Descubra o<\/span><a href=\"https:\/\/www.biofase.com.br\/floral-kids-agitacao-e-hiperatividade\" target=\"_blank\" rel=\"noopener\"> <span style=\"font-weight: 400;\">Floral Kids Agita\u00e7\u00e3o e Hiperatividade<\/span><\/a><span style=\"font-weight: 400;\"> da Biofase, formulado especialmente para as necessidades emocionais das crian\u00e7as.<\/span><\/p>\n<h2><b>Como age o floral no organismo infantil<\/b><\/h2>\n<p><span style=\"font-weight: 400;\">O mecanismo de a\u00e7\u00e3o do <\/span><a href=\"https:\/\/www.biofase.com.br\/florais-e-homeopatia\/homeopatia-para-ansiedade\/gelsemium-sempervirens-30-ch-30ml\" target=\"_blank\" rel=\"noopener\"><b>floral para crian\u00e7a agitada<\/b><\/a><span style=\"font-weight: 400;\"> n\u00e3o envolve subst\u00e2ncias qu\u00edmicas farmacol\u00f3gicas, mas sim a modula\u00e7\u00e3o energ\u00e9tica das emo\u00e7\u00f5es. De forma simplificada, ele atua:<\/span><\/p>\n<ul>\n<li style=\"font-weight: 400;\" aria-level=\"1\"><span style=\"font-weight: 400;\">Equilibrando os est\u00edmulos emocionais<\/span><span style=\"font-weight: 400;\">\n<p><\/span><\/li>\n<li style=\"font-weight: 400;\" aria-level=\"1\"><span style=\"font-weight: 400;\">Suavizando rea\u00e7\u00f5es impulsivas<\/span><span style=\"font-weight: 400;\">\n<p><\/span><\/li>\n<li style=\"font-weight: 400;\" aria-level=\"1\"><span style=\"font-weight: 400;\">Aumentando o foco e a tranquilidade<\/span><span style=\"font-weight: 400;\">\n<p><\/span><\/li>\n<li style=\"font-weight: 400;\" aria-level=\"1\"><span style=\"font-weight: 400;\">Ajudando a crian\u00e7a a expressar emo\u00e7\u00f5es com mais consci\u00eancia<\/span><span style=\"font-weight: 400;\">\n<p><\/span><\/li>\n<\/ul>\n<p><span style=\"font-weight: 400;\">Segundo especialistas, os florais s\u00e3o <\/span><b>reguladores naturais do humor<\/b><span style=\"font-weight: 400;\">, e quando usados de maneira cont\u00ednua e acompanhados por adultos respons\u00e1veis, podem gerar uma transforma\u00e7\u00e3o significativa.<\/span><\/p>\n<h2><b>Benef\u00edcios do floral para crian\u00e7a agitada<\/b><\/h2>\n<p><span style=\"font-weight: 400;\">Os florais t\u00eam se mostrado uma alternativa eficaz principalmente por conta da sua <\/span><b>seguran\u00e7a e simplicidade<\/b><span style=\"font-weight: 400;\">. Entre os principais benef\u00edcios, destacam-se:<\/span><\/p>\n<ul>\n<li style=\"font-weight: 400;\" aria-level=\"1\"><span style=\"font-weight: 400;\">Redu\u00e7\u00e3o da agita\u00e7\u00e3o e hiperatividade<\/span><span style=\"font-weight: 400;\">\n<p><\/span><\/li>\n<li style=\"font-weight: 400;\" aria-level=\"1\"><span style=\"font-weight: 400;\">Melhora da qualidade do sono<\/span><span style=\"font-weight: 400;\">\n<p><\/span><\/li>\n<li style=\"font-weight: 400;\" aria-level=\"1\"><span style=\"font-weight: 400;\">Aumento da concentra\u00e7\u00e3o e rendimento escolar<\/span><span style=\"font-weight: 400;\">\n<p><\/span><\/li>\n<li style=\"font-weight: 400;\" aria-level=\"1\"><span style=\"font-weight: 400;\">Est\u00edmulo \u00e0 empatia e ao conv\u00edvio social saud\u00e1vel<\/span><span style=\"font-weight: 400;\">\n<p><\/span><\/li>\n<li style=\"font-weight: 400;\" aria-level=\"1\"><span style=\"font-weight: 400;\">Diminui\u00e7\u00e3o de medos, inseguran\u00e7as e birras<\/span><span style=\"font-weight: 400;\">\n<p><\/span><\/li>\n<\/ul>\n<p><span style=\"font-weight: 400;\">Al\u00e9m disso, o uso cont\u00ednuo do <\/span><a href=\"https:\/\/www.biofase.com.br\/florais-e-homeopatia\/homeopatia-para-ansiedade\/gelsemium-sempervirens-30-ch-30ml\" target=\"_blank\" rel=\"noopener\"><b>floral para crian\u00e7a agitada<\/b><\/a><span style=\"font-weight: 400;\"> pode contribuir para uma rela\u00e7\u00e3o mais harmoniosa em casa, favorecendo o di\u00e1logo e o equil\u00edbrio emocional familiar.<\/span><\/p>\n<p><span style=\"font-weight: 400;\">Veja mais benef\u00edcios do<\/span><a href=\"https:\/\/www.biofase.com.br\/floral-kids-agitacao-e-hiperatividade\" target=\"_blank\" rel=\"noopener\"> <span style=\"font-weight: 400;\">Floral Kids Biofase<\/span><\/a><span style=\"font-weight: 400;\"> no site oficial da farm\u00e1cia de manipula\u00e7\u00e3o Biofase.<\/span><\/p>\n<h2><b>Quando utilizar o floral infantil<\/b><\/h2>\n<p><span style=\"font-weight: 400;\">\u00c9 comum que crian\u00e7as passem por fases de inquieta\u00e7\u00e3o ou inseguran\u00e7a, mas alguns sinais podem indicar a necessidade de aten\u00e7\u00e3o terap\u00eautica:<\/span><\/p>\n<ul>\n<li style=\"font-weight: 400;\" aria-level=\"1\"><span style=\"font-weight: 400;\">Agita\u00e7\u00e3o que prejudica o rendimento escolar<\/span><span style=\"font-weight: 400;\">\n<p><\/span><\/li>\n<li style=\"font-weight: 400;\" aria-level=\"1\"><span style=\"font-weight: 400;\">Dificuldade de permanecer sentada ou realizar tarefas simples<\/span><span style=\"font-weight: 400;\">\n<p><\/span><\/li>\n<li style=\"font-weight: 400;\" aria-level=\"1\"><span style=\"font-weight: 400;\">Explos\u00f5es emocionais recorrentes<\/span><span style=\"font-weight: 400;\">\n<p><\/span><\/li>\n<li style=\"font-weight: 400;\" aria-level=\"1\"><span style=\"font-weight: 400;\">Irritabilidade excessiva com est\u00edmulos comuns<\/span><span style=\"font-weight: 400;\">\n<p><\/span><\/li>\n<li style=\"font-weight: 400;\" aria-level=\"1\"><span style=\"font-weight: 400;\">Falta de foco ou sono agitado<\/span><span style=\"font-weight: 400;\">\n<p><\/span><\/li>\n<\/ul>\n<p><span style=\"font-weight: 400;\">Nesses casos, o <\/span><a href=\"https:\/\/www.biofase.com.br\/florais-e-homeopatia\/homeopatia-para-ansiedade\/gelsemium-sempervirens-30-ch-30ml\" target=\"_blank\" rel=\"noopener\"><b>floral para crian\u00e7a agitada<\/b><\/a><span style=\"font-weight: 400;\"> pode ser uma ferramenta complementar essencial, especialmente quando alinhado a um acompanhamento psicopedag\u00f3gico ou psicol\u00f3gico.<\/span><\/p>\n<h2><b>Como escolher um bom floral para crian\u00e7a agitada<\/b><\/h2>\n<p><span style=\"font-weight: 400;\">A escolha do <\/span><b>floral para crian\u00e7a agitada<\/b><span style=\"font-weight: 400;\"> deve considerar tr\u00eas crit\u00e9rios fundamentais:<\/span><\/p>\n<ol>\n<li style=\"font-weight: 400;\" aria-level=\"1\"><b>Origem das ess\u00eancias<\/b><span style=\"font-weight: 400;\">: prefira florais produzidos com mat\u00e9ria-prima certificada e rastre\u00e1vel.<\/span><span style=\"font-weight: 400;\">\n<p><\/span><\/li>\n<li style=\"font-weight: 400;\" aria-level=\"1\"><b>Indica\u00e7\u00e3o correta<\/b><span style=\"font-weight: 400;\">: \u00e9 essencial consultar um profissional habilitado (terapeuta floral, psic\u00f3logo ou pediatra com conhecimento em florais).<\/span><span style=\"font-weight: 400;\">\n<p><\/span><\/li>\n<li style=\"font-weight: 400;\" aria-level=\"1\"><b>Seguran\u00e7a no preparo<\/b><span style=\"font-weight: 400;\">: farm\u00e1cias de manipula\u00e7\u00e3o reconhecidas oferecem f\u00f3rmulas com qualidade controlada.<\/span><span style=\"font-weight: 400;\">\n<p><\/span><\/li>\n<\/ol>\n<p><span style=\"font-weight: 400;\">A<\/span><a href=\"https:\/\/www.biofase.com.br\/floral-kids-agitacao-e-hiperatividade\" target=\"_blank\" rel=\"noopener\"> <span style=\"font-weight: 400;\">Biofase<\/span><\/a><span style=\"font-weight: 400;\"> \u00e9 refer\u00eancia nesse segmento, com f\u00f3rmulas manipuladas para diferentes faixas et\u00e1rias, incluindo crian\u00e7as pequenas.<\/span><\/p>\n<h2><b>Diferen\u00e7a entre floral e fitoter\u00e1pico<\/b><\/h2>\n<p><span style=\"font-weight: 400;\">\u00c9 importante n\u00e3o confundir <\/span><b>florais<\/b><span style=\"font-weight: 400;\"> com <\/span><b>fitoter\u00e1picos<\/b><span style=\"font-weight: 400;\">. Enquanto os primeiros atuam no campo energ\u00e9tico e emocional, os fitoter\u00e1picos t\u00eam compostos ativos qu\u00edmicos e agem diretamente no corpo f\u00edsico.<\/span><\/p>\n<table>\n<tbody>\n<tr>\n<td><b>Caracter\u00edstica<\/b><\/td>\n<td><b>Floral para crian\u00e7a agitada<\/b><\/td>\n<td><b>Fitoter\u00e1pico<\/b><\/td>\n<\/tr>\n<tr>\n<td><span style=\"font-weight: 400;\">A\u00e7\u00e3o<\/span><\/td>\n<td><span style=\"font-weight: 400;\">Energ\u00e9tica e emocional<\/span><\/td>\n<td><span style=\"font-weight: 400;\">Fisiol\u00f3gica<\/span><\/td>\n<\/tr>\n<tr>\n<td><span style=\"font-weight: 400;\">Base<\/span><\/td>\n<td><span style=\"font-weight: 400;\">Ess\u00eancia de flores<\/span><\/td>\n<td><span style=\"font-weight: 400;\">Extrato de plantas<\/span><\/td>\n<\/tr>\n<tr>\n<td><span style=\"font-weight: 400;\">Efeitos colaterais<\/span><\/td>\n<td><span style=\"font-weight: 400;\">Nenhum relevante<\/span><\/td>\n<td><span style=\"font-weight: 400;\">Pode ter intera\u00e7\u00f5es<\/span><\/td>\n<\/tr>\n<tr>\n<td><span style=\"font-weight: 400;\">Receita m\u00e9dica<\/span><\/td>\n<td><span style=\"font-weight: 400;\">N\u00e3o obrigat\u00f3ria<\/span><\/td>\n<td><span style=\"font-weight: 400;\">Em alguns casos, sim<\/span><\/td>\n<\/tr>\n<\/tbody>\n<\/table>\n<p><span style=\"font-weight: 400;\">Para agita\u00e7\u00e3o infantil, o uso do <\/span><a href=\"https:\/\/www.biofase.com.br\/florais-e-homeopatia\/homeopatia-para-ansiedade\/gelsemium-sempervirens-30-ch-30ml\" target=\"_blank\" rel=\"noopener\"><b>floral para crian\u00e7a agitada<\/b><\/a><span style=\"font-weight: 400;\"> \u00e9 mais indicado em casos leves a moderados, onde o objetivo \u00e9 reequilibrar emo\u00e7\u00f5es, e n\u00e3o sedar ou medicar.<\/span><\/p>\n<h2><b>Uso cont\u00ednuo: quanto tempo at\u00e9 notar os efeitos?<\/b><\/h2>\n<p><span style=\"font-weight: 400;\">Os efeitos do floral variam de acordo com a crian\u00e7a, a situa\u00e7\u00e3o emocional e o ambiente. No geral, os pais come\u00e7am a perceber mudan\u00e7as sutis a partir da <\/span><b>segunda semana de uso cont\u00ednuo<\/b><span style=\"font-weight: 400;\">. Em crian\u00e7as mais sens\u00edveis, o impacto pode ser mais r\u00e1pido.<\/span><\/p>\n<p><span style=\"font-weight: 400;\">A recomenda\u00e7\u00e3o \u00e9 que o uso seja di\u00e1rio, conforme a orienta\u00e7\u00e3o do fabricante ou terapeuta, respeitando o tempo necess\u00e1rio de adapta\u00e7\u00e3o do organismo.<\/span><\/p>\n<p><span style=\"font-weight: 400;\">No<\/span><a href=\"https:\/\/www.biofase.com.br\/floral-kids-agitacao-e-hiperatividade\" target=\"_blank\" rel=\"noopener\"> <span style=\"font-weight: 400;\">Floral Kids da Biofase<\/span><\/a><span style=\"font-weight: 400;\">, voc\u00ea encontra orienta\u00e7\u00f5es claras sobre posologia e frequ\u00eancia de uso.<\/span><\/p>\n<h2><b>\u00c9 seguro dar floral para crian\u00e7a agitada?<\/b><\/h2>\n<p><span style=\"font-weight: 400;\">Sim. Os florais s\u00e3o <\/span><b>seguros, n\u00e3o possuem subst\u00e2ncias t\u00f3xicas, n\u00e3o causam depend\u00eancia e n\u00e3o interferem em outros tratamentos m\u00e9dicos<\/b><span style=\"font-weight: 400;\">. Por isso, s\u00e3o amplamente recomendados como terapias complementares.<\/span><\/p>\n<p><span style=\"font-weight: 400;\">Contudo, \u00e9 fundamental:<\/span><\/p>\n<ul>\n<li style=\"font-weight: 400;\" aria-level=\"1\"><span style=\"font-weight: 400;\">Informar o pediatra ou terapeuta da crian\u00e7a sobre o uso<\/span><span style=\"font-weight: 400;\">\n<p><\/span><\/li>\n<li style=\"font-weight: 400;\" aria-level=\"1\"><span style=\"font-weight: 400;\">Observar poss\u00edveis rea\u00e7\u00f5es nos primeiros dias<\/span><span style=\"font-weight: 400;\">\n<p><\/span><\/li>\n<li style=\"font-weight: 400;\" aria-level=\"1\"><span style=\"font-weight: 400;\">Manter o produto longe do alcance infantil<\/span><span style=\"font-weight: 400;\">\n<p><\/span><\/li>\n<\/ul>\n<p><span style=\"font-weight: 400;\">Vale destacar que florais <\/span><b>n\u00e3o substituem medicamentos prescritos<\/b><span style=\"font-weight: 400;\">, mas s\u00e3o excelentes aliados em planos terap\u00eauticos integrados.<\/span><\/p>\n<h2><b>Onde comprar floral para crian\u00e7a agitada com seguran\u00e7a<\/b><\/h2>\n<p><span style=\"font-weight: 400;\">Nem todas as farm\u00e1cias oferecem florais manipulados com qualidade e especializa\u00e7\u00e3o infantil. Para garantir resultados, \u00e9 essencial buscar estabelecimentos com:<\/span><\/p>\n<ul>\n<li style=\"font-weight: 400;\" aria-level=\"1\"><span style=\"font-weight: 400;\">Autoriza\u00e7\u00e3o da Anvisa<\/span><span style=\"font-weight: 400;\">\n<p><\/span><\/li>\n<li style=\"font-weight: 400;\" aria-level=\"1\"><span style=\"font-weight: 400;\">Especializa\u00e7\u00e3o em produtos pedi\u00e1tricos<\/span><span style=\"font-weight: 400;\">\n<p><\/span><\/li>\n<li style=\"font-weight: 400;\" aria-level=\"1\"><span style=\"font-weight: 400;\">Atendimento personalizado<\/span><span style=\"font-weight: 400;\">\n<p><\/span><\/li>\n<li style=\"font-weight: 400;\" aria-level=\"1\"><span style=\"font-weight: 400;\">Variedade de f\u00f3rmulas<\/span><span style=\"font-weight: 400;\">\n<p><\/span><\/li>\n<li style=\"font-weight: 400;\" aria-level=\"1\"><span style=\"font-weight: 400;\">Op\u00e7\u00e3o de compra online com envio nacional<\/span><span style=\"font-weight: 400;\">\n<p><\/span><\/li>\n<\/ul>\n<p><span style=\"font-weight: 400;\">A<\/span><a href=\"https:\/\/www.biofase.com.br\/floral-kids-agitacao-e-hiperatividade\" target=\"_blank\" rel=\"noopener\"> <span style=\"font-weight: 400;\">Biofase Farm\u00e1cia de Manipula\u00e7\u00e3o<\/span><\/a><span style=\"font-weight: 400;\"> cumpre todos esses requisitos com excel\u00eancia e oferece produtos naturais, seguros e eficazes para diferentes perfis infantis.<\/span><\/p>\n<h2><b>Depoimentos reais: pais que j\u00e1 usam floral para crian\u00e7a agitada<\/b><\/h2>\n<p><span style=\"font-weight: 400;\">\u201cDepois que comecei a usar o floral recomendado pela terapeuta, notei que o Gabriel ficou muito mais calmo \u00e0 noite. Dorme melhor, interage mais e est\u00e1 rendendo mais na escola.\u201d \u2014 Juliana M.<\/span><\/p>\n<p><span style=\"font-weight: 400;\">\u201cMeu filho de 6 anos era muito agitado, e nada funcionava. Come\u00e7amos o uso do Floral Kids da Biofase e a mudan\u00e7a foi n\u00edtida. Ele est\u00e1 mais centrado, e a professora tamb\u00e9m notou.\u201d \u2014 Rafael T.<\/span><\/p>\n<p><span style=\"font-weight: 400;\">\u201cFoi a melhor alternativa natural que encontramos. Hoje, usamos o floral sempre que h\u00e1 mudan\u00e7as de rotina, como f\u00e9rias, volta \u00e0s aulas, etc.\u201d \u2014 Camila S.<\/span><\/p>\n<h2><b>Considera\u00e7\u00f5es finais: o floral para crian\u00e7a agitada pode transformar rotinas<\/b><\/h2>\n<p><span style=\"font-weight: 400;\">Se voc\u00ea busca uma solu\u00e7\u00e3o natural, segura e acess\u00edvel para lidar com a agita\u00e7\u00e3o emocional dos pequenos, o <\/span><a href=\"https:\/\/www.biofase.com.br\/florais-e-homeopatia\/homeopatia-para-ansiedade\/gelsemium-sempervirens-30-ch-30ml\" target=\"_blank\" rel=\"noopener\"><b>floral para crian\u00e7a agitada<\/b><\/a><span style=\"font-weight: 400;\"> pode ser o recurso ideal. Ele respeita o tempo da crian\u00e7a, estimula o autoconhecimento e contribui para uma rotina mais tranquila.<\/span><\/p>\n<p><span style=\"font-weight: 400;\">Conhe\u00e7a mais sobre o<\/span><a href=\"https:\/\/www.biofase.com.br\/floral-kids-agitacao-e-hiperatividade\" target=\"_blank\" rel=\"noopener\"> <span style=\"font-weight: 400;\">Floral Kids da Biofase<\/span><\/a><span style=\"font-weight: 400;\"> e inicie um cuidado afetivo e equilibrado com quem mais importa: seu filho.<\/span><\/p>\n<h3><b>Fontes confi\u00e1veis e refer\u00eancias externas<\/b><\/h3>\n<ul>\n<li style=\"font-weight: 400;\" aria-level=\"1\"><a href=\"https:\/\/pt.wikipedia.org\/wiki\/Terapia_floral\" target=\"_blank\" rel=\"noopener\"><span style=\"font-weight: 400;\">Wikipedia \u2013 Terapia Floral<\/span><span style=\"font-weight: 400;\">\n<p><\/span><\/a><\/li>\n<li style=\"font-weight: 400;\" aria-level=\"1\"><a href=\"https:\/\/www.who.int\/traditional-complementary-integrative-medicine\/about\/en\/\" target=\"_blank\" rel=\"noopener\"><span style=\"font-weight: 400;\">Organiza\u00e7\u00e3o Mundial da Sa\u00fade \u2013 Medicinas Complementares<\/span><span style=\"font-weight: 400;\">\n<p><\/span><\/a><\/li>\n<li style=\"font-weight: 400;\" aria-level=\"1\"><span style=\"font-weight: 400;\">Portal Drauzio Varella \u2013 Florais: Como Funcionam<\/span><span style=\"font-weight: 400;\">\n<p><\/span><\/li>\n<\/ul>\n<p><img fetchpriority=\"high\" fetchpriority=\"high\" decoding=\"async\" class=\"alignnone size-medium wp-image-552\" src=\"https:\/\/onlineboardmeeting.org\/wp-content\/uploads\/2025\/07\/Floral-para-Crianca-Agitada-Alternativa-Natural-e-Eficaz-para-o-Equilibrio-Emocional-Infantil-200x300.png\" alt=\"\" width=\"200\" height=\"300\" srcset=\"https:\/\/onlineboardmeeting.org\/wp-content\/uploads\/2025\/07\/Floral-para-Crianca-Agitada-Alternativa-Natural-e-Eficaz-para-o-Equilibrio-Emocional-Infantil-200x300.png 200w, https:\/\/onlineboardmeeting.org\/wp-content\/uploads\/2025\/07\/Floral-para-Crianca-Agitada-Alternativa-Natural-e-Eficaz-para-o-Equilibrio-Emocional-Infantil-683x1024.png 683w, https:\/\/onlineboardmeeting.org\/wp-content\/uploads\/2025\/07\/Floral-para-Crianca-Agitada-Alternativa-Natural-e-Eficaz-para-o-Equilibrio-Emocional-Infantil-768x1152.png 768w, https:\/\/onlineboardmeeting.org\/wp-content\/uploads\/2025\/07\/Floral-para-Crianca-Agitada-Alternativa-Natural-e-Eficaz-para-o-Equilibrio-Emocional-Infantil.png 1024w\" sizes=\"(max-width: 200px) 100vw, 200px\" \/><\/p>\n<p>via WordPress https:\/\/ift.tt\/kJhex41<\/p>\n","protected":false},"excerpt":{"rendered":"<p>Era uma tarde comum quando Amanda recebeu uma liga\u00e7\u00e3o da escola: o filho, Caio, havia [&hellip;]<\/p>\n","protected":false},"author":1,"featured_media":0,"comment_status":"open","ping_status":"open","sticky":false,"template":"","format":"standard","meta":{"footnotes":""},"categories":[2],"tags":[4],"class_list":["post-78","post","type-post","status-publish","format-standard","hentry","category-news","tag-news"],"_links":{"self":[{"href":"https:\/\/startupcampusberlin.com\/index.php?rest_route=\/wp\/v2\/posts\/78","targetHints":{"allow":["GET"]}}],"collection":[{"href":"https:\/\/startupcampusberlin.com\/index.php?rest_route=\/wp\/v2\/posts"}],"about":[{"href":"https:\/\/startupcampusberlin.com\/index.php?rest_route=\/wp\/v2\/types\/post"}],"author":[{"embeddable":true,"href":"https:\/\/startupcampusberlin.com\/index.php?rest_route=\/wp\/v2\/users\/1"}],"replies":[{"embeddable":true,"href":"https:\/\/startupcampusberlin.com\/index.php?rest_route=%2Fwp%2Fv2%2Fcomments&post=78"}],"version-history":[{"count":1,"href":"https:\/\/startupcampusberlin.com\/index.php?rest_route=\/wp\/v2\/posts\/78\/revisions"}],"predecessor-version":[{"id":79,"href":"https:\/\/startupcampusberlin.com\/index.php?rest_route=\/wp\/v2\/posts\/78\/revisions\/79"}],"wp:attachment":[{"href":"https:\/\/startupcampusberlin.com\/index.php?rest_route=%2Fwp%2Fv2%2Fmedia&parent=78"}],"wp:term":[{"taxonomy":"category","embeddable":true,"href":"https:\/\/startupcampusberlin.com\/index.php?rest_route=%2Fwp%2Fv2%2Fcategories&post=78"},{"taxonomy":"post_tag","embeddable":true,"href":"https:\/\/startupcampusberlin.com\/index.php?rest_route=%2Fwp%2Fv2%2Ftags&post=78"}],"curies":[{"name":"wp","href":"https:\/\/api.w.org\/{rel}","templated":true}]}}