{"id":2698,"date":"2025-08-22T19:48:54","date_gmt":"2025-08-22T19:48:54","guid":{"rendered":"https:\/\/startupcampusberlin.com\/?p=2698"},"modified":"2025-08-22T19:48:54","modified_gmt":"2025-08-22T19:48:54","slug":"balcao-vidro-expositor-sofisticacao-e-funcionalidade-para-o-seu-negocio","status":"publish","type":"post","link":"https:\/\/startupcampusberlin.com\/?p=2698","title":{"rendered":"Balc\u00e3o Vidro Expositor: Sofistica\u00e7\u00e3o e Funcionalidade para o Seu Neg\u00f3cio"},"content":{"rendered":"<p>O<a href=\"https:\/\/artcomvidros.com.br\/balcao-de-vidro-notebook-140-expositor\/\" target=\"_blank\" rel=\"noopener\"> <strong>balc\u00e3o vidro expositor<\/strong><\/a> \u00e9 um elemento essencial para lojas que desejam unir organiza\u00e7\u00e3o, seguran\u00e7a e est\u00e9tica na apresenta\u00e7\u00e3o de produtos. Ele proporciona visibilidade total das mercadorias, ao mesmo tempo que as mant\u00e9m protegidas.<\/p>\n<hr class=\"wp-block-separator has-alpha-channel-opacity\"\/>\n<h2 class=\"wp-block-heading\"><strong>Por que escolher um balc\u00e3o vidro expositor?<\/strong><\/h2>\n<p>Esse tipo de balc\u00e3o \u00e9 ideal para destacar produtos de forma elegante e segura, oferecendo benef\u00edcios como:<\/p>\n<ul class=\"wp-block-list\">\n<li><strong>Exposi\u00e7\u00e3o valorizada<\/strong> \u2013 Mostra o produto com clareza e real\u00e7a seus detalhes.<\/li>\n<li><strong>Prote\u00e7\u00e3o<\/strong> \u2013 Evita manuseio excessivo e poss\u00edveis danos.<\/li>\n<li><strong>Organiza\u00e7\u00e3o<\/strong> \u2013 Mant\u00e9m itens em ordem e bem distribu\u00eddos.<\/li>\n<li><strong>Versatilidade<\/strong> \u2013 Serve para diferentes tipos de mercadorias, desde eletr\u00f4nicos at\u00e9 joias e acess\u00f3rios.<\/li>\n<\/ul>\n<hr class=\"wp-block-separator has-alpha-channel-opacity\"\/>\n<h2 class=\"wp-block-heading\"><strong>Onde usar um balc\u00e3o vidro expositor<\/strong><\/h2>\n<p>O <strong>balc\u00e3o vidro expositor<\/strong> pode ser utilizado em:<\/p>\n<ul class=\"wp-block-list\">\n<li>Lojas de eletr\u00f4nicos.<\/li>\n<li>Joalherias e \u00f3ticas.<\/li>\n<li>Lojas de presentes e decora\u00e7\u00e3o.<\/li>\n<li>Espa\u00e7os de feiras e eventos.<\/li>\n<\/ul>\n<p>Para um visual ainda mais completo, combine-o com<a href=\"https:\/\/artcomvidros.com.br\/vitrines-de-vidro\/\" target=\"_blank\" rel=\"noopener\"> vitrines de vidro<\/a> e<a href=\"https:\/\/artcomvidros.com.br\/manequim\/bustos-e-meio-corpos\/\" target=\"_blank\" rel=\"noopener\"> manequins<\/a>, criando um ambiente sofisticado e organizado.<\/p>\n<hr class=\"wp-block-separator has-alpha-channel-opacity\"\/>\n<h2 class=\"wp-block-heading\"><strong>Caracter\u00edsticas que fazem a diferen\u00e7a<\/strong><\/h2>\n<p>Ao escolher seu balc\u00e3o vidro expositor, leve em conta:<\/p>\n<ul class=\"wp-block-list\">\n<li><strong>Tamanho<\/strong> \u2013 Deve se adequar ao espa\u00e7o dispon\u00edvel.<\/li>\n<li><strong>Ilumina\u00e7\u00e3o interna<\/strong> \u2013 Valoriza ainda mais os produtos.<\/li>\n<li><strong>Acabamento<\/strong> \u2013 Estrutura de qualidade garante durabilidade e est\u00e9tica.<\/li>\n<\/ul>\n<p>A<a href=\"https:\/\/artcomvidros.com.br\/\" target=\"_blank\" rel=\"noopener\"> <strong>ArtCom Vidros<\/strong><\/a> oferece modelos resistentes, com design moderno e ideais para destacar produtos no varejo.<\/p>\n<hr class=\"wp-block-separator has-alpha-channel-opacity\"\/>\n<h2 class=\"wp-block-heading\"><strong>Cuidados e manuten\u00e7\u00e3o<\/strong><\/h2>\n<ul class=\"wp-block-list\">\n<li>Limpe regularmente com produtos adequados para vidro.<\/li>\n<li>Evite sobrecarga de peso nas prateleiras.<\/li>\n<li>Confira periodicamente fechaduras e travas de seguran\u00e7a.<\/li>\n<\/ul>\n<hr class=\"wp-block-separator has-alpha-channel-opacity\"\/>\n<h2 class=\"wp-block-heading\"><strong>Conclus\u00e3o<\/strong><\/h2>\n<p>O<a href=\"https:\/\/artcomvidros.com.br\/balcao-de-vidro-notebook-140-expositor\/\" target=\"_blank\" rel=\"noopener\"> <strong>balc\u00e3o vidro expositor<\/strong><\/a> \u00e9 mais do que um m\u00f3vel: \u00e9 um recurso estrat\u00e9gico para valorizar produtos, proteger mercadorias e transmitir profissionalismo.<\/p>\n<p>Para entender mais sobre expositores e sua import\u00e2ncia no varejo, a Wikip\u00e9dia oferece informa\u00e7\u00f5es relevantes e hist\u00f3ricas sobre o tema.<\/p>\n<\/p>\n<p>via WordPress https:\/\/ift.tt\/quWVCMQ<\/p>\n","protected":false},"excerpt":{"rendered":"<p>O balc\u00e3o vidro expositor \u00e9 um elemento essencial para lojas que desejam unir organiza\u00e7\u00e3o, seguran\u00e7a [&hellip;]<\/p>\n","protected":false},"author":1,"featured_media":0,"comment_status":"open","ping_status":"open","sticky":false,"template":"","format":"standard","meta":{"footnotes":""},"categories":[2],"tags":[4],"class_list":["post-2698","post","type-post","status-publish","format-standard","hentry","category-news","tag-news"],"_links":{"self":[{"href":"https:\/\/startupcampusberlin.com\/index.php?rest_route=\/wp\/v2\/posts\/2698","targetHints":{"allow":["GET"]}}],"collection":[{"href":"https:\/\/startupcampusberlin.com\/index.php?rest_route=\/wp\/v2\/posts"}],"about":[{"href":"https:\/\/startupcampusberlin.com\/index.php?rest_route=\/wp\/v2\/types\/post"}],"author":[{"embeddable":true,"href":"https:\/\/startupcampusberlin.com\/index.php?rest_route=\/wp\/v2\/users\/1"}],"replies":[{"embeddable":true,"href":"https:\/\/startupcampusberlin.com\/index.php?rest_route=%2Fwp%2Fv2%2Fcomments&post=2698"}],"version-history":[{"count":1,"href":"https:\/\/startupcampusberlin.com\/index.php?rest_route=\/wp\/v2\/posts\/2698\/revisions"}],"predecessor-version":[{"id":2699,"href":"https:\/\/startupcampusberlin.com\/index.php?rest_route=\/wp\/v2\/posts\/2698\/revisions\/2699"}],"wp:attachment":[{"href":"https:\/\/startupcampusberlin.com\/index.php?rest_route=%2Fwp%2Fv2%2Fmedia&parent=2698"}],"wp:term":[{"taxonomy":"category","embeddable":true,"href":"https:\/\/startupcampusberlin.com\/index.php?rest_route=%2Fwp%2Fv2%2Fcategories&post=2698"},{"taxonomy":"post_tag","embeddable":true,"href":"https:\/\/startupcampusberlin.com\/index.php?rest_route=%2Fwp%2Fv2%2Ftags&post=2698"}],"curies":[{"name":"wp","href":"https:\/\/api.w.org\/{rel}","templated":true}]}}